{"id":2705,"date":"2021-02-05T15:54:44","date_gmt":"2021-02-05T15:54:44","guid":{"rendered":"https:\/\/tecnoam.es\/?p=2705"},"modified":"2021-06-10T11:14:40","modified_gmt":"2021-06-10T11:14:40","slug":"un-tour-de-francia-fotovoltaico","status":"publish","type":"post","link":"https:\/\/tecnoam.es\/?p=2705","title":{"rendered":"Recuerdos de un \u00abtour de Francia\u00bb fotovoltaico"},"content":{"rendered":"\n\n[et_pb_section fb_built=\u00bb1&#8243; _builder_version=\u00bb4.8.2&#8243; _module_preset=\u00bbdefault\u00bb][et_pb_row column_structure=\u00bb1_2,1_2&#8243; _builder_version=\u00bb4.8.2&#8243; _module_preset=\u00bbdefault\u00bb][et_pb_column type=\u00bb1_2&#8243; _builder_version=\u00bb4.8.2&#8243; _module_preset=\u00bbdefault\u00bb][et_pb_text _builder_version=\u00bb4.8.2&#8243; _module_preset=\u00bbdefault\u00bb]<p>Ya han pasado m\u00e1s de 10 a\u00f1os de nuestra aventura por tierras francesas. Hemos trazado la ruta por la que estuvimos<strong> instalando sistemas fotovoltaicos de conexi\u00f3n a red, en cubierta<\/strong>. Y como pod\u00e9is ver, dicha ruta abarca desde <strong>Orsanco<\/strong> a <strong>Saint Mart\u00edn de Bois<\/strong>, pasando por varias localidades rurales de la mitad sur del pa\u00eds (<strong>Vallereuil<\/strong>,<strong> Teillots<\/strong>, <strong>Gignac<\/strong>, <strong>Sanvensa<\/strong>,<strong> La Salvetat de Peyrales<\/strong>, <strong>Murat Sur Vebre<\/strong>, <strong>Gouts<\/strong>, <strong>Besset<\/strong>, <strong>Oregue<\/strong>&#8230; seguramente nos hayamos dejado alguna).<\/p>[\/et_pb_text][\/et_pb_column][et_pb_column type=\u00bb1_2&#8243; _builder_version=\u00bb4.8.2&#8243; _module_preset=\u00bbdefault\u00bb][et_pb_text _builder_version=\u00bb4.8.2&#8243; _module_preset=\u00bbdefault\u00bb]<p>Un a\u00f1o intenso, en el que tanto clientes, como lugare\u00f1os nos acogieron como si fu\u00e9ramos vecinos, y en el que hemos de decir, que algunos trabajadores de Tecnoam, terminaron defendi\u00e9ndose decentemente con el franc\u00e9s.<\/p>\n<blockquote>\n<p>Una etapa laboral en la que creci\u00f3 nuestra experiencia internacional, y en la que formamos varios equipos de instaladores cualificados, que trabajaron de forma simult\u00e1nea en los diferentes proyectos, optimizando as\u00ed tiempos y eficencia.<\/p>\n<\/blockquote>[\/et_pb_text][\/et_pb_column][\/et_pb_row][et_pb_row column_structure=\u00bb1_3,1_3,1_3&#8243; _builder_version=\u00bb4.8.2&#8243; _module_preset=\u00bbdefault\u00bb][et_pb_column type=\u00bb1_3&#8243; _builder_version=\u00bb4.8.2&#8243; _module_preset=\u00bbdefault\u00bb][et_pb_circle_counter title=\u00bbKilovatios instalados\u00bb number=\u00bb2504&#8243; percent_sign=\u00bboff\u00bb _builder_version=\u00bb4.8.2&#8243; _module_preset=\u00bbdefault\u00bb title_font=\u00bb|800|||||||\u00bb number_font=\u00bb|800|||||||\u00bb background_color=\u00bbRGBA(0,0,0,0)\u00bb max_width=\u00bb125px\u00bb][\/et_pb_circle_counter][\/et_pb_column][et_pb_column type=\u00bb1_3&#8243; _builder_version=\u00bb4.8.2&#8243; _module_preset=\u00bbdefault\u00bb][et_pb_circle_counter title=\u00bbSistemas en cubierta\u00bb number=\u00bb14&#8243; percent_sign=\u00bboff\u00bb _builder_version=\u00bb4.8.2&#8243; _module_preset=\u00bbdefault\u00bb title_font=\u00bb|800|||||||\u00bb number_font=\u00bb|800|||||||\u00bb background_color=\u00bbRGBA(0,0,0,0)\u00bb max_width=\u00bb125px\u00bb][\/et_pb_circle_counter][\/et_pb_column][et_pb_column type=\u00bb1_3&#8243; _builder_version=\u00bb4.8.2&#8243; _module_preset=\u00bbdefault\u00bb][et_pb_circle_counter title=\u00bbLocalidades rurales\u00bb number=\u00bb10&#8243; percent_sign=\u00bboff\u00bb _builder_version=\u00bb4.8.2&#8243; _module_preset=\u00bbdefault\u00bb title_font=\u00bb|800|||||||\u00bb number_font=\u00bb|800|||||||\u00bb background_color=\u00bbRGBA(0,0,0,0)\u00bb max_width=\u00bb125px\u00bb][\/et_pb_circle_counter][\/et_pb_column][\/et_pb_row][et_pb_row _builder_version=\u00bb4.8.2&#8243; _module_preset=\u00bbdefault\u00bb][et_pb_column type=\u00bb4_4&#8243; _builder_version=\u00bb4.8.2&#8243; _module_preset=\u00bbdefault\u00bb][et_pb_text _builder_version=\u00bb4.8.2&#8243; _module_preset=\u00bbdefault\u00bb text_font=\u00bb|800|||||||\u00bb text_font_size=\u00bb20px\u00bb]<p>Algunas de las instalaciones realizadas en este periodo:<\/p>[\/et_pb_text][\/et_pb_column][\/et_pb_row][et_pb_row _builder_version=\u00bb4.8.2&#8243; _module_preset=\u00bbdefault\u00bb][et_pb_column type=\u00bb4_4&#8243; _builder_version=\u00bb4.8.2&#8243; _module_preset=\u00bbdefault\u00bb][et_pb_gallery gallery_ids=\u00bb483,484,485,584,489,611&#8243; _builder_version=\u00bb4.8.2&#8243; _module_preset=\u00bbdefault\u00bb title_font=\u00bb|800|||||||\u00bb title_font_size=\u00bb15px\u00bb caption_font=\u00bb||||||||\u00bb animation_style=\u00bbfade\u00bb][\/et_pb_gallery][\/et_pb_column][\/et_pb_row][\/et_pb_section]\n\n","protected":false},"excerpt":{"rendered":"<p>Ya han pasado m\u00e1s de 10 a\u00f1os de nuestra aventura por tierras francesas. Hemos trazado la ruta por la que estuvimos instalando sistemas fotovoltaicos de conexi\u00f3n a red, en cubierta. Y como pod\u00e9is ver, dicha ruta abarca desde Orsanco a Saint Mart\u00edn de Bois, pasando por varias localidades rurales de la mitad sur del pa\u00eds [&hellip;]<\/p>\n","protected":false},"author":1,"featured_media":2706,"comment_status":"closed","ping_status":"open","sticky":false,"template":"","format":"standard","meta":{"_et_pb_use_builder":"on","_et_pb_old_content":"","_et_gb_content_width":"","_jetpack_memberships_contains_paid_content":false,"footnotes":""},"categories":[36,1],"tags":[],"class_list":["post-2705","post","type-post","status-publish","format-standard","has-post-thumbnail","hentry","category-fotovoltaica-conexion-a-red","category-energia-solar-fotovoltaica"],"yoast_head":"<!-- This site is optimized with the Yoast SEO plugin v24.0 - https:\/\/yoast.com\/wordpress\/plugins\/seo\/ -->\n<title>Recuerdos de un &quot;tour de Francia&quot; fotovoltaico - Tecnoam<\/title>\n<meta name=\"description\" content=\"Experiencia internacional en la instalaci\u00f3n de sistemas de energ\u00eda solar fotovoltaica. M\u00e1s de dos megavatios instalados en Francia.\" \/>\n<meta name=\"robots\" content=\"index, follow, max-snippet:-1, max-image-preview:large, max-video-preview:-1\" \/>\n<link rel=\"canonical\" href=\"https:\/\/tecnoam.es\/?p=2705\" \/>\n<meta property=\"og:locale\" content=\"es_ES\" \/>\n<meta property=\"og:type\" content=\"article\" \/>\n<meta property=\"og:title\" content=\"Recuerdos de un &quot;tour de Francia&quot; fotovoltaico - Tecnoam\" \/>\n<meta property=\"og:description\" content=\"Experiencia internacional en la instalaci\u00f3n de sistemas de energ\u00eda solar fotovoltaica. M\u00e1s de dos megavatios instalados en Francia.\" \/>\n<meta property=\"og:url\" content=\"https:\/\/tecnoam.es\/?p=2705\" \/>\n<meta property=\"og:site_name\" content=\"Tecnoam\" \/>\n<meta property=\"article:publisher\" content=\"https:\/\/www.facebook.com\/tecnoamsl\" \/>\n<meta property=\"article:published_time\" content=\"2021-02-05T15:54:44+00:00\" \/>\n<meta property=\"article:modified_time\" content=\"2021-06-10T11:14:40+00:00\" \/>\n<meta property=\"og:image\" content=\"https:\/\/tecnoam.es\/wp-content\/uploads\/2021\/02\/franciacubiertas.jpg\" \/>\n\t<meta property=\"og:image:width\" content=\"788\" \/>\n\t<meta property=\"og:image:height\" content=\"521\" \/>\n\t<meta property=\"og:image:type\" content=\"image\/jpeg\" \/>\n<meta name=\"author\" content=\"tecnoamsl\" \/>\n<meta name=\"twitter:card\" content=\"summary_large_image\" \/>\n<meta name=\"twitter:creator\" content=\"@tecnoamsl\" \/>\n<meta name=\"twitter:site\" content=\"@tecnoamsl\" \/>\n<meta name=\"twitter:label1\" content=\"Escrito por\" \/>\n\t<meta name=\"twitter:data1\" content=\"tecnoamsl\" \/>\n\t<meta name=\"twitter:label2\" content=\"Tiempo de lectura\" \/>\n\t<meta name=\"twitter:data2\" content=\"2 minutos\" \/>\n<script type=\"application\/ld+json\" class=\"yoast-schema-graph\">{\"@context\":\"https:\/\/schema.org\",\"@graph\":[{\"@type\":\"Article\",\"@id\":\"https:\/\/tecnoam.es\/?p=2705#article\",\"isPartOf\":{\"@id\":\"https:\/\/tecnoam.es\/?p=2705\"},\"author\":{\"name\":\"tecnoamsl\",\"@id\":\"https:\/\/tecnoam.es\/#\/schema\/person\/082738750009ef8c5d070d1681fc57ce\"},\"headline\":\"Recuerdos de un \u00abtour de Francia\u00bb fotovoltaico\",\"datePublished\":\"2021-02-05T15:54:44+00:00\",\"dateModified\":\"2021-06-10T11:14:40+00:00\",\"mainEntityOfPage\":{\"@id\":\"https:\/\/tecnoam.es\/?p=2705\"},\"wordCount\":467,\"publisher\":{\"@id\":\"https:\/\/tecnoam.es\/#organization\"},\"image\":{\"@id\":\"https:\/\/tecnoam.es\/?p=2705#primaryimage\"},\"thumbnailUrl\":\"https:\/\/tecnoam.es\/wp-content\/uploads\/2021\/02\/franciacubiertas.jpg\",\"articleSection\":[\"Conexi\u00f3n a red\",\"Fotovoltaica\"],\"inLanguage\":\"es\"},{\"@type\":\"WebPage\",\"@id\":\"https:\/\/tecnoam.es\/?p=2705\",\"url\":\"https:\/\/tecnoam.es\/?p=2705\",\"name\":\"Recuerdos de un \\\"tour de Francia\\\" fotovoltaico - Tecnoam\",\"isPartOf\":{\"@id\":\"https:\/\/tecnoam.es\/#website\"},\"primaryImageOfPage\":{\"@id\":\"https:\/\/tecnoam.es\/?p=2705#primaryimage\"},\"image\":{\"@id\":\"https:\/\/tecnoam.es\/?p=2705#primaryimage\"},\"thumbnailUrl\":\"https:\/\/tecnoam.es\/wp-content\/uploads\/2021\/02\/franciacubiertas.jpg\",\"datePublished\":\"2021-02-05T15:54:44+00:00\",\"dateModified\":\"2021-06-10T11:14:40+00:00\",\"description\":\"Experiencia internacional en la instalaci\u00f3n de sistemas de energ\u00eda solar fotovoltaica. M\u00e1s de dos megavatios instalados en Francia.\",\"breadcrumb\":{\"@id\":\"https:\/\/tecnoam.es\/?p=2705#breadcrumb\"},\"inLanguage\":\"es\",\"potentialAction\":[{\"@type\":\"ReadAction\",\"target\":[\"https:\/\/tecnoam.es\/?p=2705\"]}]},{\"@type\":\"ImageObject\",\"inLanguage\":\"es\",\"@id\":\"https:\/\/tecnoam.es\/?p=2705#primaryimage\",\"url\":\"https:\/\/tecnoam.es\/wp-content\/uploads\/2021\/02\/franciacubiertas.jpg\",\"contentUrl\":\"https:\/\/tecnoam.es\/wp-content\/uploads\/2021\/02\/franciacubiertas.jpg\",\"width\":788,\"height\":521,\"caption\":\"francia cubiertas fotovoltaicas\"},{\"@type\":\"BreadcrumbList\",\"@id\":\"https:\/\/tecnoam.es\/?p=2705#breadcrumb\",\"itemListElement\":[{\"@type\":\"ListItem\",\"position\":1,\"name\":\"Portada\",\"item\":\"https:\/\/tecnoam.es\/\"},{\"@type\":\"ListItem\",\"position\":2,\"name\":\"Recuerdos de un \u00abtour de Francia\u00bb fotovoltaico\"}]},{\"@type\":\"WebSite\",\"@id\":\"https:\/\/tecnoam.es\/#website\",\"url\":\"https:\/\/tecnoam.es\/\",\"name\":\"Tecnoam\",\"description\":\"Instalaci\u00f3n y mantenimiento de energ\u00eda solar fotovoltaica\",\"publisher\":{\"@id\":\"https:\/\/tecnoam.es\/#organization\"},\"potentialAction\":[{\"@type\":\"SearchAction\",\"target\":{\"@type\":\"EntryPoint\",\"urlTemplate\":\"https:\/\/tecnoam.es\/?s={search_term_string}\"},\"query-input\":{\"@type\":\"PropertyValueSpecification\",\"valueRequired\":true,\"valueName\":\"search_term_string\"}}],\"inLanguage\":\"es\"},{\"@type\":\"Organization\",\"@id\":\"https:\/\/tecnoam.es\/#organization\",\"name\":\"Tecnoam\",\"url\":\"https:\/\/tecnoam.es\/\",\"logo\":{\"@type\":\"ImageObject\",\"inLanguage\":\"es\",\"@id\":\"https:\/\/tecnoam.es\/#\/schema\/logo\/image\/\",\"url\":\"\",\"contentUrl\":\"\",\"caption\":\"Tecnoam\"},\"image\":{\"@id\":\"https:\/\/tecnoam.es\/#\/schema\/logo\/image\/\"},\"sameAs\":[\"https:\/\/www.facebook.com\/tecnoamsl\",\"https:\/\/x.com\/tecnoamsl\",\"https:\/\/www.linkedin.com\/company\/tecnoam\"]},{\"@type\":\"Person\",\"@id\":\"https:\/\/tecnoam.es\/#\/schema\/person\/082738750009ef8c5d070d1681fc57ce\",\"name\":\"tecnoamsl\",\"image\":{\"@type\":\"ImageObject\",\"inLanguage\":\"es\",\"@id\":\"https:\/\/tecnoam.es\/#\/schema\/person\/image\/\",\"url\":\"https:\/\/secure.gravatar.com\/avatar\/75f1ae1f0539125a4cd2b51afa7edceb?s=96&d=mm&r=g\",\"contentUrl\":\"https:\/\/secure.gravatar.com\/avatar\/75f1ae1f0539125a4cd2b51afa7edceb?s=96&d=mm&r=g\",\"caption\":\"tecnoamsl\"},\"url\":\"https:\/\/tecnoam.es\/?author=1\"}]}<\/script>\n<!-- \/ Yoast SEO plugin. -->","yoast_head_json":{"title":"Recuerdos de un \"tour de Francia\" fotovoltaico - Tecnoam","description":"Experiencia internacional en la instalaci\u00f3n de sistemas de energ\u00eda solar fotovoltaica. M\u00e1s de dos megavatios instalados en Francia.","robots":{"index":"index","follow":"follow","max-snippet":"max-snippet:-1","max-image-preview":"max-image-preview:large","max-video-preview":"max-video-preview:-1"},"canonical":"https:\/\/tecnoam.es\/?p=2705","og_locale":"es_ES","og_type":"article","og_title":"Recuerdos de un \"tour de Francia\" fotovoltaico - Tecnoam","og_description":"Experiencia internacional en la instalaci\u00f3n de sistemas de energ\u00eda solar fotovoltaica. M\u00e1s de dos megavatios instalados en Francia.","og_url":"https:\/\/tecnoam.es\/?p=2705","og_site_name":"Tecnoam","article_publisher":"https:\/\/www.facebook.com\/tecnoamsl","article_published_time":"2021-02-05T15:54:44+00:00","article_modified_time":"2021-06-10T11:14:40+00:00","og_image":[{"width":788,"height":521,"url":"https:\/\/tecnoam.es\/wp-content\/uploads\/2021\/02\/franciacubiertas.jpg","type":"image\/jpeg"}],"author":"tecnoamsl","twitter_card":"summary_large_image","twitter_creator":"@tecnoamsl","twitter_site":"@tecnoamsl","twitter_misc":{"Escrito por":"tecnoamsl","Tiempo de lectura":"2 minutos"},"schema":{"@context":"https:\/\/schema.org","@graph":[{"@type":"Article","@id":"https:\/\/tecnoam.es\/?p=2705#article","isPartOf":{"@id":"https:\/\/tecnoam.es\/?p=2705"},"author":{"name":"tecnoamsl","@id":"https:\/\/tecnoam.es\/#\/schema\/person\/082738750009ef8c5d070d1681fc57ce"},"headline":"Recuerdos de un \u00abtour de Francia\u00bb fotovoltaico","datePublished":"2021-02-05T15:54:44+00:00","dateModified":"2021-06-10T11:14:40+00:00","mainEntityOfPage":{"@id":"https:\/\/tecnoam.es\/?p=2705"},"wordCount":467,"publisher":{"@id":"https:\/\/tecnoam.es\/#organization"},"image":{"@id":"https:\/\/tecnoam.es\/?p=2705#primaryimage"},"thumbnailUrl":"https:\/\/tecnoam.es\/wp-content\/uploads\/2021\/02\/franciacubiertas.jpg","articleSection":["Conexi\u00f3n a red","Fotovoltaica"],"inLanguage":"es"},{"@type":"WebPage","@id":"https:\/\/tecnoam.es\/?p=2705","url":"https:\/\/tecnoam.es\/?p=2705","name":"Recuerdos de un \"tour de Francia\" fotovoltaico - Tecnoam","isPartOf":{"@id":"https:\/\/tecnoam.es\/#website"},"primaryImageOfPage":{"@id":"https:\/\/tecnoam.es\/?p=2705#primaryimage"},"image":{"@id":"https:\/\/tecnoam.es\/?p=2705#primaryimage"},"thumbnailUrl":"https:\/\/tecnoam.es\/wp-content\/uploads\/2021\/02\/franciacubiertas.jpg","datePublished":"2021-02-05T15:54:44+00:00","dateModified":"2021-06-10T11:14:40+00:00","description":"Experiencia internacional en la instalaci\u00f3n de sistemas de energ\u00eda solar fotovoltaica. M\u00e1s de dos megavatios instalados en Francia.","breadcrumb":{"@id":"https:\/\/tecnoam.es\/?p=2705#breadcrumb"},"inLanguage":"es","potentialAction":[{"@type":"ReadAction","target":["https:\/\/tecnoam.es\/?p=2705"]}]},{"@type":"ImageObject","inLanguage":"es","@id":"https:\/\/tecnoam.es\/?p=2705#primaryimage","url":"https:\/\/tecnoam.es\/wp-content\/uploads\/2021\/02\/franciacubiertas.jpg","contentUrl":"https:\/\/tecnoam.es\/wp-content\/uploads\/2021\/02\/franciacubiertas.jpg","width":788,"height":521,"caption":"francia cubiertas fotovoltaicas"},{"@type":"BreadcrumbList","@id":"https:\/\/tecnoam.es\/?p=2705#breadcrumb","itemListElement":[{"@type":"ListItem","position":1,"name":"Portada","item":"https:\/\/tecnoam.es\/"},{"@type":"ListItem","position":2,"name":"Recuerdos de un \u00abtour de Francia\u00bb fotovoltaico"}]},{"@type":"WebSite","@id":"https:\/\/tecnoam.es\/#website","url":"https:\/\/tecnoam.es\/","name":"Tecnoam","description":"Instalaci\u00f3n y mantenimiento de energ\u00eda solar fotovoltaica","publisher":{"@id":"https:\/\/tecnoam.es\/#organization"},"potentialAction":[{"@type":"SearchAction","target":{"@type":"EntryPoint","urlTemplate":"https:\/\/tecnoam.es\/?s={search_term_string}"},"query-input":{"@type":"PropertyValueSpecification","valueRequired":true,"valueName":"search_term_string"}}],"inLanguage":"es"},{"@type":"Organization","@id":"https:\/\/tecnoam.es\/#organization","name":"Tecnoam","url":"https:\/\/tecnoam.es\/","logo":{"@type":"ImageObject","inLanguage":"es","@id":"https:\/\/tecnoam.es\/#\/schema\/logo\/image\/","url":"","contentUrl":"","caption":"Tecnoam"},"image":{"@id":"https:\/\/tecnoam.es\/#\/schema\/logo\/image\/"},"sameAs":["https:\/\/www.facebook.com\/tecnoamsl","https:\/\/x.com\/tecnoamsl","https:\/\/www.linkedin.com\/company\/tecnoam"]},{"@type":"Person","@id":"https:\/\/tecnoam.es\/#\/schema\/person\/082738750009ef8c5d070d1681fc57ce","name":"tecnoamsl","image":{"@type":"ImageObject","inLanguage":"es","@id":"https:\/\/tecnoam.es\/#\/schema\/person\/image\/","url":"https:\/\/secure.gravatar.com\/avatar\/75f1ae1f0539125a4cd2b51afa7edceb?s=96&d=mm&r=g","contentUrl":"https:\/\/secure.gravatar.com\/avatar\/75f1ae1f0539125a4cd2b51afa7edceb?s=96&d=mm&r=g","caption":"tecnoamsl"},"url":"https:\/\/tecnoam.es\/?author=1"}]}},"jetpack_sharing_enabled":true,"jetpack_featured_media_url":"https:\/\/tecnoam.es\/wp-content\/uploads\/2021\/02\/franciacubiertas.jpg","_links":{"self":[{"href":"https:\/\/tecnoam.es\/index.php?rest_route=\/wp\/v2\/posts\/2705","targetHints":{"allow":["GET"]}}],"collection":[{"href":"https:\/\/tecnoam.es\/index.php?rest_route=\/wp\/v2\/posts"}],"about":[{"href":"https:\/\/tecnoam.es\/index.php?rest_route=\/wp\/v2\/types\/post"}],"author":[{"embeddable":true,"href":"https:\/\/tecnoam.es\/index.php?rest_route=\/wp\/v2\/users\/1"}],"replies":[{"embeddable":true,"href":"https:\/\/tecnoam.es\/index.php?rest_route=%2Fwp%2Fv2%2Fcomments&post=2705"}],"version-history":[{"count":27,"href":"https:\/\/tecnoam.es\/index.php?rest_route=\/wp\/v2\/posts\/2705\/revisions"}],"predecessor-version":[{"id":2981,"href":"https:\/\/tecnoam.es\/index.php?rest_route=\/wp\/v2\/posts\/2705\/revisions\/2981"}],"wp:featuredmedia":[{"embeddable":true,"href":"https:\/\/tecnoam.es\/index.php?rest_route=\/wp\/v2\/media\/2706"}],"wp:attachment":[{"href":"https:\/\/tecnoam.es\/index.php?rest_route=%2Fwp%2Fv2%2Fmedia&parent=2705"}],"wp:term":[{"taxonomy":"category","embeddable":true,"href":"https:\/\/tecnoam.es\/index.php?rest_route=%2Fwp%2Fv2%2Fcategories&post=2705"},{"taxonomy":"post_tag","embeddable":true,"href":"https:\/\/tecnoam.es\/index.php?rest_route=%2Fwp%2Fv2%2Ftags&post=2705"}],"curies":[{"name":"wp","href":"https:\/\/api.w.org\/{rel}","templated":true}]}}